{"id":1282,"date":"2022-12-29T06:05:00","date_gmt":"2022-12-29T05:05:00","guid":{"rendered":"https:\/\/www.sierracantabria.com\/restauranteelpuntido\/?p=1282"},"modified":"2022-12-13T13:20:02","modified_gmt":"2022-12-13T12:20:02","slug":"el-tomate-feo-de-tudela","status":"publish","type":"post","link":"https:\/\/www.sierracantabria.com\/restauranteelpuntido\/blog\/restaurante-el-puntido\/el-tomate-feo-de-tudela\/","title":{"rendered":"El tomate feo de Tudela"},"content":{"rendered":"\n<p><strong>El tomate feo de Tudela<\/strong> es una variedad \u2018\u2018marmande\u2019\u2019 que se cultiva en la zona de la Ribera de Navarra y tiene un gran prestigio por su gran calidad.<\/p>\n\n\n\n<p>Se caracteriza por tener un <strong>exterior de imperfecci\u00f3n, piel extrafina y deformidad<\/strong>, pero su sabor y belleza se encuentra en el interior.<\/p>\n\n\n\n<p>Tiene un color intenso, carne tierna y jugosa, y un incomparable sabor, adem\u00e1s de ser un producto de bajo aporte cal\u00f3rico.<\/p>\n\n\n\n<p>Su peso se compone de agua y posee una gran importancia en los hidratos de carbono.<\/p>\n\n\n\n<p>Es una fuente de minerales como el potasio, que <strong>ayuda al sistema muscular y nervioso<\/strong>. Entre las vitaminas que contiene, las m\u00e1s llamativas son <strong>vitamina C y A<\/strong>.<\/p>\n\n\n\n<h2 class=\"wp-block-heading\"><strong>Caracter\u00edsticas<\/strong><\/h2>\n\n\n\n<p>A continuaci\u00f3n, daremos a conocer las principales caracter\u00edsticas de <a href=\"https:\/\/www.sierracantabria.com\/restauranteelpuntido\/carta-del-restaurante-el-puntido\/\"><strong>el tomate feo de Tudela<\/strong>:<\/a><\/p>\n\n\n\n<h3 class=\"wp-block-heading\"><strong>Origen<\/strong><\/h3>\n\n\n\n<p>Solanum lycopersicum es su nombre cient\u00edfico y forma parte de la familia de las solan\u00e1ceas.<\/p>\n\n\n\n<p>Al igual que muchas de las hortalizas que se consumen, este <strong>tomate<\/strong> <strong>procede de Am\u00e9rica<\/strong>.<\/p>\n\n\n\n<p>Existen evidencias arqueol\u00f3gicas que demuestran que en la \u00e9poca prehisp\u00e1nica ya se consum\u00eda, se cree que en la zona donde surgieron pertenece al Ecuador.<\/p>\n\n\n\n<p>Al parecer fue el conquistador espa\u00f1ol Hern\u00e1n Cort\u00e9s quien trajo por primera vez <strong>el tomate feo de Tudela<\/strong> a Europa en el siglo XVI.<\/p>\n\n\n\n<h3 class=\"wp-block-heading\"><strong>\u00bfFruta o verdura?<\/strong><\/h3>\n\n\n\n<p>Es considerado como verdura y en los supermercados la encontramos en esa secci\u00f3n, pero si atendemos a la <strong>definici\u00f3n bot\u00e1nica es una fruta<\/strong>.<\/p>\n\n\n\n<p>Esto se debe a que es considerada un fruto por su fecundaci\u00f3n de la flor como cualquier planta, es decir, que <strong>crece a partir de una flor polinizada<\/strong>.<\/p>\n\n\n\n<p>Es por eso, que para los bot\u00e1nicos el tomate es un fruto, al igual que la calabaza o el pimiento.<\/p>\n\n\n\n<p>Pero, fuera del mundo bot\u00e1nico, se define como verdura porque la fruta se asocia a algo dulce y que se toma de postre, y el tomate no cumple con esas exigencias.<\/p>\n\n\n\n<p>Para no caer en errores, la palabra que podemos usar es <strong>hortaliza<\/strong>, esto <strong>engloba todas las plantas comestibles<\/strong> y que se cultivan en un huerto.<\/p>\n\n\n\n<h3 class=\"wp-block-heading\"><strong>Propiedades<\/strong><\/h3>\n\n\n\n<p>Una de las principales cualidades que tiene <strong>el tomate feo de Tudela<\/strong> es que tiene pocas calor\u00edas, alrededor de <strong>20 Kcal por cada 100 g<\/strong>.<\/p>\n\n\n<div class=\"wp-block-image\">\n<figure class=\"aligncenter size-full is-resized\"><img loading=\"lazy\" decoding=\"async\" src=\"https:\/\/www.sierracantabria.com\/restauranteelpuntido\/wp-content\/uploads\/2022\/12\/tomates-3.jpg\" alt=\"Tomates\" class=\"wp-image-1285\" width=\"410\" height=\"273\" srcset=\"https:\/\/www.sierracantabria.com\/restauranteelpuntido\/wp-content\/uploads\/2022\/12\/tomates-3.jpg 900w, https:\/\/www.sierracantabria.com\/restauranteelpuntido\/wp-content\/uploads\/2022\/12\/tomates-3-300x200.jpg 300w, https:\/\/www.sierracantabria.com\/restauranteelpuntido\/wp-content\/uploads\/2022\/12\/tomates-3-768x512.jpg 768w\" sizes=\"auto, (max-width: 410px) 100vw, 410px\" \/><\/figure>\n<\/div>\n\n\n<p>La ventaja de este tomate es que sirve como primer plato sin necesidad de agregar otro tipo de alimento.<\/p>\n\n\n\n<p>Se puede colocar un poco de sal, aceite de oliva y vinagre al gusto, pero ya por s\u00ed solo es un manjar.<\/p>\n\n\n\n<p><strong>Su consumo es<\/strong> <strong>recomendable hacerlo en el verano<\/strong>, porque sus propiedades merman al consumirlo en el resto del a\u00f1o.<\/p>\n\n\n\n<p>Los principales efectos positivos que tiene son:<\/p>\n\n\n\n<ul class=\"wp-block-list\">\n<li>Ayuda a disminuir algunos tipos de c\u00e1ncer como est\u00f3mago, pr\u00f3stata y pulm\u00f3n.<\/li>\n<\/ul>\n\n\n\n<ul class=\"wp-block-list\">\n<li>Ayuda a fortalecer y combatir el sistema inmune.<\/li>\n<\/ul>\n\n\n\n<ul class=\"wp-block-list\">\n<li>Combate infecciones estomacales.<\/li>\n<\/ul>\n\n\n\n<ul class=\"wp-block-list\">\n<li>Ayuda al sistema muscular y nervioso.<\/li>\n<\/ul>\n\n\n\n<ul class=\"wp-block-list\">\n<li>Regula el tr\u00e1nsito intestinal.<\/li>\n<\/ul>\n\n\n\n<ul class=\"wp-block-list\">\n<li>Reduce enfermedades cardiovasculares.<\/li>\n<\/ul>\n\n\n\n<ul class=\"wp-block-list\">\n<li>Efecto diur\u00e9tico.<\/li>\n<\/ul>\n\n\n\n<ul class=\"wp-block-list\">\n<li>Reduce el colesterol.<\/li>\n<\/ul>\n\n\n\n<p>Aunque funciona en dietas para el control de peso y tiene aporte en vitamina C y licopeno, es considerado un gran aliado de la cocina saludable.<\/p>\n\n\n\n<p>Sin embargo, tambi\u00e9n tiene sus contraindicaciones cuando hay <strong>llagas en la boca o en tratamientos de quimioterapia<\/strong>.<\/p>\n\n\n\n<h3 class=\"wp-block-heading\"><strong>Cultivo<\/strong><\/h3>\n\n\n\n<p>Se requiere de suelos profundos muy ligeros y \u00e1cidos con buen drenaje, bien abonados, es necesario que el terreno est\u00e9 fresco y aireado.<\/p>\n\n\n\n<p>La plantaci\u00f3n se hace en un lugar soleado, de preferencia protegido del viento, colocar tutores junto al plant\u00f3n que despu\u00e9s servir\u00e1n de sustento a la planta.<\/p>\n\n\n\n<p>Requiere de constante riego, sin mojar las hojas y siempre en la base de la planta.<\/p>\n\n\n\n<p>Al aparecer en los primeros frutos, es adecuada la aplicaci\u00f3n de abonos pot\u00e1sicos, ya sea v\u00eda foliar o con el agua de riego.<\/p>\n\n\n\n<h3 class=\"wp-block-heading\"><strong>Temporada<\/strong><\/h3>\n\n\n\n<p>Suele presentar formas irregulares o achatadas. La recolecci\u00f3n <strong>el tomate feo de Tudela <\/strong>empieza en el mes de julio o agosto dependiendo de las condiciones climatol\u00f3gicas, y la <strong>temporada<\/strong> dura solo unos meses.<\/p>\n\n\n\n<p>As\u00ed que, para <strong>comprar<\/strong> este tomate, es preferible aprovechar estos meses que son de cosecha.<\/p>\n\n\n\n<p>Adem\u00e1s, es tan importante que tiene su propio homenaje, al igual que el tomate huevo de toro en el valle del Guadalhorce.<\/p>\n","protected":false},"excerpt":{"rendered":"<p>El tomate feo de Tudela es una variedad \u2018\u2018marmande\u2019\u2019 que se cultiva en la zona de la Ribera de Navarra y tiene un gran prestigio por su gran calidad. Se caracteriza por tener un exterior de imperfecci\u00f3n, piel extrafina y deformidad, pero su sabor y belleza se encuentra en el interior. Tiene un color intenso,&hellip;<\/p>\n","protected":false},"author":3,"featured_media":1283,"comment_status":"closed","ping_status":"closed","sticky":false,"template":"","format":"standard","meta":{"_acf_changed":false,"footnotes":""},"categories":[1],"tags":[],"class_list":["post-1282","post","type-post","status-publish","format-standard","has-post-thumbnail","hentry","category-restaurante-el-puntido"],"acf":[],"_links":{"self":[{"href":"https:\/\/www.sierracantabria.com\/restauranteelpuntido\/wp-json\/wp\/v2\/posts\/1282","targetHints":{"allow":["GET"]}}],"collection":[{"href":"https:\/\/www.sierracantabria.com\/restauranteelpuntido\/wp-json\/wp\/v2\/posts"}],"about":[{"href":"https:\/\/www.sierracantabria.com\/restauranteelpuntido\/wp-json\/wp\/v2\/types\/post"}],"author":[{"embeddable":true,"href":"https:\/\/www.sierracantabria.com\/restauranteelpuntido\/wp-json\/wp\/v2\/users\/3"}],"replies":[{"embeddable":true,"href":"https:\/\/www.sierracantabria.com\/restauranteelpuntido\/wp-json\/wp\/v2\/comments?post=1282"}],"version-history":[{"count":2,"href":"https:\/\/www.sierracantabria.com\/restauranteelpuntido\/wp-json\/wp\/v2\/posts\/1282\/revisions"}],"predecessor-version":[{"id":1288,"href":"https:\/\/www.sierracantabria.com\/restauranteelpuntido\/wp-json\/wp\/v2\/posts\/1282\/revisions\/1288"}],"wp:featuredmedia":[{"embeddable":true,"href":"https:\/\/www.sierracantabria.com\/restauranteelpuntido\/wp-json\/wp\/v2\/media\/1283"}],"wp:attachment":[{"href":"https:\/\/www.sierracantabria.com\/restauranteelpuntido\/wp-json\/wp\/v2\/media?parent=1282"}],"wp:term":[{"taxonomy":"category","embeddable":true,"href":"https:\/\/www.sierracantabria.com\/restauranteelpuntido\/wp-json\/wp\/v2\/categories?post=1282"},{"taxonomy":"post_tag","embeddable":true,"href":"https:\/\/www.sierracantabria.com\/restauranteelpuntido\/wp-json\/wp\/v2\/tags?post=1282"}],"curies":[{"name":"wp","href":"https:\/\/api.w.org\/{rel}","templated":true}]}}